{"id":39,"date":"2022-08-22T13:42:00","date_gmt":"2022-08-22T13:42:00","guid":{"rendered":"http:\/\/camarahugonapoleao.pi.gov.br\/?p=39"},"modified":"2023-05-08T13:43:08","modified_gmt":"2023-05-08T13:43:08","slug":"ex-vereador-e-ex-presidente-do-str-reis-miranda-morre-aos-70-anos","status":"publish","type":"post","link":"https:\/\/camarahugonapoleao.pi.gov.br\/index.php\/2022\/08\/22\/ex-vereador-e-ex-presidente-do-str-reis-miranda-morre-aos-70-anos\/","title":{"rendered":"Ex-vereador e ex-presidente do STR, Reis Miranda, morre aos 70 anos"},"content":{"rendered":"\n<h1 class=\"wp-block-heading\"><\/h1>\n\n\n\n<h2 class=\"wp-block-heading\">A C\u00e2mara de Vereadores e o Sindicato dos Trabalhadores Rurais do munic\u00edpio de Hugo Napole\u00e3o, emitiram nota de pesar<\/h2>\n\n\n\n<figure class=\"wp-block-image\"><img decoding=\"async\" src=\"https:\/\/www.canal121.com.br\/images\/noticias\/23637\/d3df5ca3db19f8790583574f23f62238.jpeg\" alt=\"Reis Miranda (Imagem: Reprodu\u00e7\u00e3o)\"\/><figcaption class=\"wp-element-caption\">Reis Miranda (Imagem: Reprodu\u00e7\u00e3o)<\/figcaption><\/figure>\n\n\n\n<p>Faleceu na tarde do \u00faltimo s\u00e1bado, dia 20 de agosto, o ex-vereador e ex-presidente do Sindicato dos Trabalhadores Rurais de Hugo Napole\u00e3o, Reis Miranda de Sousa, 70 anos. A morte ocorreu no hospital do Monte Castelo, em Teresina. Ele lutava contra um c\u00e2ncer h\u00e1 v\u00e1rios dias.<\/p>\n\n\n\n<p>A C\u00e2mara de Vereadores do munic\u00edpio emitiu nota de pesar pelo falecimento do ex-parlamentar.<\/p>\n\n\n\n<p><strong>Veja a nota na \u00edntegra:<\/strong><\/p>\n\n\n\n<figure class=\"wp-block-image\"><img decoding=\"async\" src=\"https:\/\/www.canal121.com.br\/envios\/2022\/08\/22\/0983da4ac30d2bf0f5abcd4ffae28fee7ad6660d.jpg\" alt=\"\"\/><\/figure>\n\n\n\n<p><em>Foi com muita tristeza que recebemos a not\u00edcia do falecimento do ex-vereador Reis Miranda de Sousa, 70 anos, ocorrido na tarde deste s\u00e1bado (20), em Teresina.<\/em><\/p>\n\n\n\n<p><em>Reis Miranda tamb\u00e9m foi servidor p\u00fablico e presidente do Sindicato dos Trabalhadores Rurais de Hugo Napole\u00e3o. Ele deixa um grande legado para a hist\u00f3ria pol\u00edtica e para in\u00fameras fam\u00edlias hugonapoleonenses.<\/em><\/p>\n\n\n\n<p><em>Nos solidarizamos com todos os familiares e amigos neste momento de tristeza e dor.<\/em><\/p>\n\n\n\n<p><em>ELIZ\u00c2NGELA RODRIGUES DOS SANTOS<\/em><\/p>\n\n\n\n<p><em>-Presidente da C\u00e2mara de Vereadores de Hugo Napole\u00e3o-<\/em><\/p>\n\n\n\n<figure class=\"wp-block-image\"><img decoding=\"async\" src=\"https:\/\/www.canal121.com.br\/envios\/2022\/08\/22\/451418522f252cab700494a8441e87a377cda06d.jpg\" alt=\"\"\/><\/figure>\n\n\n\n<p><em>O Sindicato dos Trabalhadores Rurais do munic\u00edpio de Hugo Napole\u00e3o tamb\u00e9m emitiu nota de pesar:<\/em><\/p>\n\n\n\n<p><em>O Sindicato dos Trabalhadores Rurais do munic\u00edpio de Hugo Napole\u00e3o lamenta profundamente o falecimento de Reis Miranda de Sousa, ocorrido na tarde deste s\u00e1bado (20), em Teresina.<\/em><\/p>\n\n\n\n<p><em>Reis Miranda tinha 70 anos de idade. Ele foi presidente da entidade por 02 (dois) mandatos. Ele tamb\u00e9m foi vereador e servidor p\u00fablico e deixa um grande legado para dezenas de fam\u00edlias hugonapoleonenses.<\/em><\/p>\n\n\n\n<p><em>Neste momento de muita tristeza, deixamos nosso voto de mais profundo pesar a todos os familiares e amigos.<\/em><\/p>\n","protected":false},"excerpt":{"rendered":"<p>A C\u00e2mara de Vereadores e o Sindicato dos Trabalhadores Rurais do munic\u00edpio de Hugo Napole\u00e3o, emitiram nota de pesar Faleceu na tarde do \u00faltimo s\u00e1bado, dia 20 de agosto, o&hellip; <\/p>\n","protected":false},"author":1,"featured_media":40,"comment_status":"open","ping_status":"open","sticky":false,"template":"","format":"standard","meta":{"footnotes":""},"categories":[4],"tags":[],"class_list":["post-39","post","type-post","status-publish","format-standard","has-post-thumbnail","hentry","category-camara-hugo-napoleao"],"_links":{"self":[{"href":"https:\/\/camarahugonapoleao.pi.gov.br\/index.php\/wp-json\/wp\/v2\/posts\/39","targetHints":{"allow":["GET"]}}],"collection":[{"href":"https:\/\/camarahugonapoleao.pi.gov.br\/index.php\/wp-json\/wp\/v2\/posts"}],"about":[{"href":"https:\/\/camarahugonapoleao.pi.gov.br\/index.php\/wp-json\/wp\/v2\/types\/post"}],"author":[{"embeddable":true,"href":"https:\/\/camarahugonapoleao.pi.gov.br\/index.php\/wp-json\/wp\/v2\/users\/1"}],"replies":[{"embeddable":true,"href":"https:\/\/camarahugonapoleao.pi.gov.br\/index.php\/wp-json\/wp\/v2\/comments?post=39"}],"version-history":[{"count":1,"href":"https:\/\/camarahugonapoleao.pi.gov.br\/index.php\/wp-json\/wp\/v2\/posts\/39\/revisions"}],"predecessor-version":[{"id":41,"href":"https:\/\/camarahugonapoleao.pi.gov.br\/index.php\/wp-json\/wp\/v2\/posts\/39\/revisions\/41"}],"wp:featuredmedia":[{"embeddable":true,"href":"https:\/\/camarahugonapoleao.pi.gov.br\/index.php\/wp-json\/wp\/v2\/media\/40"}],"wp:attachment":[{"href":"https:\/\/camarahugonapoleao.pi.gov.br\/index.php\/wp-json\/wp\/v2\/media?parent=39"}],"wp:term":[{"taxonomy":"category","embeddable":true,"href":"https:\/\/camarahugonapoleao.pi.gov.br\/index.php\/wp-json\/wp\/v2\/categories?post=39"},{"taxonomy":"post_tag","embeddable":true,"href":"https:\/\/camarahugonapoleao.pi.gov.br\/index.php\/wp-json\/wp\/v2\/tags?post=39"}],"curies":[{"name":"wp","href":"https:\/\/api.w.org\/{rel}","templated":true}]}}