{"id":20,"date":"2023-03-29T12:25:00","date_gmt":"2023-03-29T12:25:00","guid":{"rendered":"http:\/\/camarahugonapoleao.pi.gov.br\/?p=20"},"modified":"2023-05-08T12:29:14","modified_gmt":"2023-05-08T12:29:14","slug":"presidente-da-camara-de-hugo-napoleao-e-comitiva-participam-da-24a-marcha-dos-prefeitos-em-brasilia","status":"publish","type":"post","link":"https:\/\/camarahugonapoleao.pi.gov.br\/index.php\/2023\/03\/29\/presidente-da-camara-de-hugo-napoleao-e-comitiva-participam-da-24a-marcha-dos-prefeitos-em-brasilia\/","title":{"rendered":"Presidente da C\u00e2mara de Hugo Napole\u00e3o e comitiva participam da 24\u00aa Marcha dos Prefeitos em Bras\u00edlia"},"content":{"rendered":"\n<p>Considerado o maior evento pol\u00edtico da Am\u00e9rica Latina, a Marcha dos Prefeitos \u00e9 realizada pela CNM e re\u00fane gestores municipais de todo o Brasil para discutir demandas e buscar melhorias e recursos para os munic\u00edpios.<\/p>\n\n\n\n<p>O prefeito Luciano, do munic\u00edpio de Hugo Napole\u00e3o, participa, no decorrer desta semana, da 24\u00aa edi\u00e7\u00e3o da Marcha dos Prefeitos em Defesa dos Munic\u00edpios, em Bras\u00edlia. Considerado o maior evento pol\u00edtico da Am\u00e9rica Latina, a Marcha dos Prefeitos \u00e9 realizada pela Confedera\u00e7\u00e3o Nacional dos Munic\u00edpios (CNM) e re\u00fane gestores municipais de todo o Brasil para discutir demandas e buscar melhorias e recursos para os munic\u00edpios. Este ano, o evento acontece entre os dias 27 e 30 de mar\u00e7o.<\/p>\n\n\n\n<p>Representado o munic\u00edpio de Hugo Napole\u00e3o, al\u00e9m do prefeito Luciano, tamb\u00e9m est\u00e3o participando do evento, o vice-prefeito Marcos Cardoso, o presidente da C\u00e2mara, vereador Pierre, os vereadores Z\u00e9 Neto, Rone, Riba e Fantana, al\u00e9m do assessor pol\u00edtico, Aprijo Garcia.<\/p>\n\n\n\n<p>Luciano destacou a import\u00e2ncia do evento na luta direta por mais recursos e mais melhorias para os munic\u00edpios. \u201cEste momento \u00e9 extremamente oportuno para que possamos estabelecer di\u00e1logos com os parlamentares e com os minist\u00e9rios e, consequentemente, angariar mais recursos para Hugo Napole\u00e3o. Nosso objetivo em todos os eventos desse tipo, \u00e9 proporcionar sempre o melhor para a nossa popula\u00e7\u00e3o e, por isso, fazemos quest\u00e3o de sempre estarmos presentes\u201d, ressaltou o gestor municipal.<\/p>\n\n\n\n<p>O deputado estadual H\u00e9lio Rodrigues tamb\u00e9m participa do evento.<\/p>\n\n\n\n<p>A agenda dos hugonapoleonenses na capital federal, tamb\u00e9m inclui encontros com a bancada federal piauiense e reuni\u00f5es nos minist\u00e9rios.<\/p>\n\n\n\n<p>Este ano, a marcha acontece no Centro Internacional de Conven\u00e7\u00f5es do Brasil (CICB), com o tema: \u201cPacto Federativo: um olhar para o futuro\u201d. O evento deve reunir cerca de nove mil gestores.<\/p>\n\n\n\n<figure class=\"wp-block-image size-full\"><img loading=\"lazy\" decoding=\"async\" width=\"1000\" height=\"750\" src=\"https:\/\/camarahugonapoleao.pi.gov.br\/wp-content\/uploads\/2023\/05\/88ad3a1bc30d5dfd6b04fae9f6aca112c007aecc.jpg\" alt=\"\" class=\"wp-image-21\" srcset=\"https:\/\/camarahugonapoleao.pi.gov.br\/wp-content\/uploads\/2023\/05\/88ad3a1bc30d5dfd6b04fae9f6aca112c007aecc.jpg 1000w, https:\/\/camarahugonapoleao.pi.gov.br\/wp-content\/uploads\/2023\/05\/88ad3a1bc30d5dfd6b04fae9f6aca112c007aecc-300x225.jpg 300w, https:\/\/camarahugonapoleao.pi.gov.br\/wp-content\/uploads\/2023\/05\/88ad3a1bc30d5dfd6b04fae9f6aca112c007aecc-768x576.jpg 768w\" sizes=\"auto, (max-width: 1000px) 100vw, 1000px\" \/><\/figure>\n\n\n\n<figure class=\"wp-block-image size-full\"><img loading=\"lazy\" decoding=\"async\" width=\"1000\" height=\"750\" src=\"https:\/\/camarahugonapoleao.pi.gov.br\/wp-content\/uploads\/2023\/05\/dcbb8db1c52270fdd8e320b6b1f5781b.jpg\" alt=\"\" class=\"wp-image-22\" srcset=\"https:\/\/camarahugonapoleao.pi.gov.br\/wp-content\/uploads\/2023\/05\/dcbb8db1c52270fdd8e320b6b1f5781b.jpg 1000w, https:\/\/camarahugonapoleao.pi.gov.br\/wp-content\/uploads\/2023\/05\/dcbb8db1c52270fdd8e320b6b1f5781b-300x225.jpg 300w, https:\/\/camarahugonapoleao.pi.gov.br\/wp-content\/uploads\/2023\/05\/dcbb8db1c52270fdd8e320b6b1f5781b-768x576.jpg 768w\" sizes=\"auto, (max-width: 1000px) 100vw, 1000px\" \/><\/figure>\n","protected":false},"excerpt":{"rendered":"<p>Considerado o maior evento pol\u00edtico da Am\u00e9rica Latina, a Marcha dos Prefeitos \u00e9 realizada pela CNM e re\u00fane gestores municipais de todo o Brasil para discutir demandas e buscar melhorias&hellip; <\/p>\n","protected":false},"author":1,"featured_media":22,"comment_status":"open","ping_status":"open","sticky":false,"template":"","format":"standard","meta":{"footnotes":""},"categories":[4],"tags":[],"class_list":["post-20","post","type-post","status-publish","format-standard","has-post-thumbnail","hentry","category-camara-hugo-napoleao"],"_links":{"self":[{"href":"https:\/\/camarahugonapoleao.pi.gov.br\/index.php\/wp-json\/wp\/v2\/posts\/20","targetHints":{"allow":["GET"]}}],"collection":[{"href":"https:\/\/camarahugonapoleao.pi.gov.br\/index.php\/wp-json\/wp\/v2\/posts"}],"about":[{"href":"https:\/\/camarahugonapoleao.pi.gov.br\/index.php\/wp-json\/wp\/v2\/types\/post"}],"author":[{"embeddable":true,"href":"https:\/\/camarahugonapoleao.pi.gov.br\/index.php\/wp-json\/wp\/v2\/users\/1"}],"replies":[{"embeddable":true,"href":"https:\/\/camarahugonapoleao.pi.gov.br\/index.php\/wp-json\/wp\/v2\/comments?post=20"}],"version-history":[{"count":1,"href":"https:\/\/camarahugonapoleao.pi.gov.br\/index.php\/wp-json\/wp\/v2\/posts\/20\/revisions"}],"predecessor-version":[{"id":23,"href":"https:\/\/camarahugonapoleao.pi.gov.br\/index.php\/wp-json\/wp\/v2\/posts\/20\/revisions\/23"}],"wp:featuredmedia":[{"embeddable":true,"href":"https:\/\/camarahugonapoleao.pi.gov.br\/index.php\/wp-json\/wp\/v2\/media\/22"}],"wp:attachment":[{"href":"https:\/\/camarahugonapoleao.pi.gov.br\/index.php\/wp-json\/wp\/v2\/media?parent=20"}],"wp:term":[{"taxonomy":"category","embeddable":true,"href":"https:\/\/camarahugonapoleao.pi.gov.br\/index.php\/wp-json\/wp\/v2\/categories?post=20"},{"taxonomy":"post_tag","embeddable":true,"href":"https:\/\/camarahugonapoleao.pi.gov.br\/index.php\/wp-json\/wp\/v2\/tags?post=20"}],"curies":[{"name":"wp","href":"https:\/\/api.w.org\/{rel}","templated":true}]}}